{"id":9900,"date":"2021-01-27T11:06:43","date_gmt":"2021-01-27T09:06:43","guid":{"rendered":"https:\/\/lovcibalkana.com\/?p=9900"},"modified":"2021-01-27T11:06:43","modified_gmt":"2021-01-27T09:06:43","slug":"knjiga-lov-veprova-zub-vremena","status":"publish","type":"post","link":"https:\/\/lovcibalkana.com\/sl\/knjiga-lov-veprova-zub-vremena\/","title":{"rendered":"Knjiga Lov Veprova &#038; Zub Vremena"},"content":{"rendered":"<p>Obvestilo <strong>za vse lovce na Balkanu in \u0161ir\u0161e<\/strong>. Iz\u0161la je knjiga &#8220;<strong>Lov Veprova &amp; Zub Vremena<\/strong>&#8220;.<\/p>\n<table style=\"border-collapse: collapse; width: 100%;\">\n<tbody>\n<tr>\n<td style=\"width: 22.9462%;\">Strani<\/td>\n<td style=\"width: 77.0538%;\">300<\/td>\n<\/tr>\n<tr>\n<td style=\"width: 22.9462%;\">Poglavij<\/td>\n<td style=\"width: 77.0538%;\">7<\/td>\n<\/tr>\n<tr>\n<td style=\"width: 22.9462%;\">Strokovnih naslovov<\/td>\n<td style=\"width: 77.0538%;\">70<\/td>\n<\/tr>\n<tr>\n<td style=\"width: 100%;\" colspan=\"2\">49 barvnih strani: skice, sheme, diagrami, zemljevidi, slike in pojasnila.<\/td>\n<\/tr>\n<tr>\n<td style=\"width: 22.9462%;\">Jezik<\/td>\n<td style=\"width: 77.0538%;\">srbohrva\u0161ki &#8211; latinica<\/td>\n<\/tr>\n<tr>\n<td style=\"width: 22.9462%;\">Format<\/td>\n<td style=\"width: 77.0538%;\">B5<\/td>\n<\/tr>\n<tr>\n<td style=\"width: 22.9462%;\">Vezava<\/td>\n<td style=\"width: 77.0538%;\">trda, z zlatim tiskom<\/td>\n<\/tr>\n<\/tbody>\n<\/table>\n<p>Ta knjiga je <strong>namenjena<\/strong> predvsem <strong>lovcem na divje pra\u0161i\u010de<\/strong>, ampak tudi vsem ljudem na tem planetu, ki imajo radi naravo in njene lepote, ki \u017eelijo sli\u0161ati glas agonije in stoodstotno resnico \u0161tirih desetletij. Knjiga <strong>odra\u017ea\u00a0nenehno te\u017enjo po za\u0161\u010diti ne\u010desa pred nami samimi<\/strong> in opisuje, kako se \u017ertvovati v \u0161portnem lovu do meje vzdr\u017eljivosti ter kako dose\u010di lovski uspeh na po\u0161ten na\u010din v lovu na divjega pra\u0161i\u010da &#8220;kapitalca&#8221; s sodelovanjem 1:1.<\/p>\n<div id=\"attachment_9882\" style=\"width: 1713px\" class=\"wp-caption aligncenter\"><img loading=\"lazy\" decoding=\"async\" aria-describedby=\"caption-attachment-9882\" data-attachment-id=\"9885\" data-permalink=\"https:\/\/lovcibalkana.com\/sl\/knjiga-lov-veprova-zub-vremena\/20210121_134540-2\/\" data-orig-file=\"https:\/\/i0.wp.com\/lovcibalkana.com\/wp-content\/uploads\/2021\/01\/20210121_134540-scaled.jpg?fit=1703%2C2560&amp;ssl=1\" data-orig-size=\"1703,2560\" data-comments-opened=\"1\" data-image-meta=\"{&quot;aperture&quot;:&quot;1.7&quot;,&quot;credit&quot;:&quot;&quot;,&quot;camera&quot;:&quot;SM-G930F&quot;,&quot;caption&quot;:&quot;&quot;,&quot;created_timestamp&quot;:&quot;1611236706&quot;,&quot;copyright&quot;:&quot;&quot;,&quot;focal_length&quot;:&quot;4.2&quot;,&quot;iso&quot;:&quot;200&quot;,&quot;shutter_speed&quot;:&quot;0.083333333333333&quot;,&quot;title&quot;:&quot;&quot;,&quot;orientation&quot;:&quot;0&quot;}\" data-image-title=\"20210121_134540\" data-image-description=\"&lt;p&gt;Knjiga Lov Veprova &#038; Zub Vremena&lt;\/p&gt;\n\" data-image-caption=\"&lt;p&gt;Izvor: Lov Veprova &#038; Zub Vremena&lt;\/p&gt;\n\" data-medium-file=\"https:\/\/i0.wp.com\/lovcibalkana.com\/wp-content\/uploads\/2021\/01\/20210121_134540-scaled.jpg?fit=200%2C300&amp;ssl=1\" data-large-file=\"https:\/\/i0.wp.com\/lovcibalkana.com\/wp-content\/uploads\/2021\/01\/20210121_134540-scaled.jpg?fit=681%2C1024&amp;ssl=1\" class=\"size-full wp-image-9885\" src=\"https:\/\/i0.wp.com\/lovcibalkana.com\/wp-content\/uploads\/2021\/01\/20210121_134540-scaled.jpg?resize=1200%2C1804&#038;ssl=1\" alt=\"Knjiga Lov Veprova &amp; Zub Vremena\" width=\"1200\" height=\"1804\" srcset=\"https:\/\/i0.wp.com\/lovcibalkana.com\/wp-content\/uploads\/2021\/01\/20210121_134540-scaled.jpg?w=1703&amp;ssl=1 1703w, https:\/\/i0.wp.com\/lovcibalkana.com\/wp-content\/uploads\/2021\/01\/20210121_134540-scaled.jpg?resize=200%2C300&amp;ssl=1 200w, https:\/\/i0.wp.com\/lovcibalkana.com\/wp-content\/uploads\/2021\/01\/20210121_134540-scaled.jpg?resize=681%2C1024&amp;ssl=1 681w, https:\/\/i0.wp.com\/lovcibalkana.com\/wp-content\/uploads\/2021\/01\/20210121_134540-scaled.jpg?resize=768%2C1155&amp;ssl=1 768w, https:\/\/i0.wp.com\/lovcibalkana.com\/wp-content\/uploads\/2021\/01\/20210121_134540-scaled.jpg?resize=1022%2C1536&amp;ssl=1 1022w, https:\/\/i0.wp.com\/lovcibalkana.com\/wp-content\/uploads\/2021\/01\/20210121_134540-scaled.jpg?resize=1362%2C2048&amp;ssl=1 1362w\" sizes=\"(max-width: 1200px) 100vw, 1200px\" data-recalc-dims=\"1\" \/><p id=\"caption-attachment-9882\" class=\"wp-caption-text\">Vir: Lov Veprova &amp; Zub Vremena<\/p><\/div>\n<p>Gradivo knjige do potankosti <strong>predstavlja moja spoznanja v 38 letih samostojnega lovsko-raziskovalnega prizadevanja<\/strong> brez sodelovanja gonja\u010dev v najbolj ekstremnih vremenskih razmerah dnevnega in no\u010dnega lova v gorskem masivu Orjen. Knjiga tudi predstavlja 2 leti sodelovanja v skupinskem lovu (ekipnem).Ta dokument je klju\u010d vsega mojega znanja, intrig, preizkusov, izpitov, sposobnosti, ki sem jih uporabil za nekaj, s \u010dimer sem se spopadel zaradi vi\u0161je sile. Na 300 straneh bom predstavil naravo, navade, lastnosti, vedenje, iskanje, sledenje, zasedo, \u010dakanje, ozna\u010devanje in lov, obrt in zgodovino neke \u010dasovne dobe, najstra\u0161nej\u0161i lovski podvig, preizkuse in zmage. V sami knjigi ni mogo\u010de povedati veliko, toda iz tega edinstvenega gradiva se lahko <strong>lovec nau\u010di veliko koristnih informacij<\/strong>, kjer koli se \u017ee nahaja.<\/p>\n<p>Avtor: Petar Radovi\u0107<\/p>\n","protected":false},"excerpt":{"rendered":"<p>Obvestilo za vse lovce na Balkanu in \u0161ir\u0161e. Iz\u0161la je knjiga &#8220;Lov Veprova &amp; Zub Vremena&#8220;. Strani 300 Poglavij 7 Strokovnih naslovov 70 49 barvnih strani: skice, sheme, diagrami, zemljevidi, slike in pojasnila. Jezik srbohrva\u0161ki &#8211; latinica Format B5 Vezava trda, z zlatim tiskom Ta knjiga je namenjena predvsem lovcem na divje pra\u0161i\u010de, ampak tudi&hellip;&nbsp;<a href=\"https:\/\/lovcibalkana.com\/sl\/knjiga-lov-veprova-zub-vremena\/\" class=\"\" rel=\"bookmark\">Preberi ve\u010d &raquo;<span class=\"screen-reader-text\">Knjiga Lov Veprova &#038; Zub Vremena<\/span><\/a><\/p>\n","protected":false},"author":5,"featured_media":9893,"comment_status":"open","ping_status":"open","sticky":false,"template":"","format":"standard","meta":{"om_disable_all_campaigns":false,"_monsterinsights_skip_tracking":false,"_monsterinsights_sitenote_active":false,"_monsterinsights_sitenote_note":"","_monsterinsights_sitenote_category":0,"_uf_show_specific_survey":0,"_uf_disable_surveys":false,"neve_meta_sidebar":"","neve_meta_container":"","neve_meta_enable_content_width":"off","neve_meta_content_width":0,"neve_meta_title_alignment":"","neve_meta_author_avatar":"","neve_post_elements_order":"","neve_meta_disable_header":"","neve_meta_disable_footer":"","neve_meta_disable_title":"","neve_meta_reading_time":"","_jetpack_memberships_contains_paid_content":false,"footnotes":""},"categories":[756],"tags":[1027,1028,1030],"aioseo_notices":[],"jetpack_sharing_enabled":true,"jetpack_featured_media_url":"https:\/\/i0.wp.com\/lovcibalkana.com\/wp-content\/uploads\/2021\/01\/20210121_135354-scaled.jpg?fit=1949%2C2560&ssl=1","amp_enabled":true,"_links":{"self":[{"href":"https:\/\/lovcibalkana.com\/sl\/wp-json\/wp\/v2\/posts\/9900"}],"collection":[{"href":"https:\/\/lovcibalkana.com\/sl\/wp-json\/wp\/v2\/posts"}],"about":[{"href":"https:\/\/lovcibalkana.com\/sl\/wp-json\/wp\/v2\/types\/post"}],"author":[{"embeddable":true,"href":"https:\/\/lovcibalkana.com\/sl\/wp-json\/wp\/v2\/users\/5"}],"replies":[{"embeddable":true,"href":"https:\/\/lovcibalkana.com\/sl\/wp-json\/wp\/v2\/comments?post=9900"}],"version-history":[{"count":3,"href":"https:\/\/lovcibalkana.com\/sl\/wp-json\/wp\/v2\/posts\/9900\/revisions"}],"predecessor-version":[{"id":9911,"href":"https:\/\/lovcibalkana.com\/sl\/wp-json\/wp\/v2\/posts\/9900\/revisions\/9911"}],"wp:featuredmedia":[{"embeddable":true,"href":"https:\/\/lovcibalkana.com\/sl\/wp-json\/wp\/v2\/media\/9893"}],"wp:attachment":[{"href":"https:\/\/lovcibalkana.com\/sl\/wp-json\/wp\/v2\/media?parent=9900"}],"wp:term":[{"taxonomy":"category","embeddable":true,"href":"https:\/\/lovcibalkana.com\/sl\/wp-json\/wp\/v2\/categories?post=9900"},{"taxonomy":"post_tag","embeddable":true,"href":"https:\/\/lovcibalkana.com\/sl\/wp-json\/wp\/v2\/tags?post=9900"}],"curies":[{"name":"wp","href":"https:\/\/api.w.org\/{rel}","templated":true}]}}