{"id":8712,"date":"2018-10-12T10:44:10","date_gmt":"2018-10-12T08:44:10","guid":{"rendered":"http:\/\/lovcibalkana.com\/?p=8712"},"modified":"2020-06-16T11:37:26","modified_gmt":"2020-06-16T09:37:26","slug":"porocilo-sejmi-lorist-v-novem-sadu","status":"publish","type":"post","link":"https:\/\/lovcibalkana.com\/sl\/porocilo-sejmi-lorist-v-novem-sadu\/","title":{"rendered":"Poro\u010dilo \u2013 sejmi LORIST v Novem Sadu"},"content":{"rendered":"<p><span style=\"font-family: 'times new roman', times, serif; color: #000000;\">Od srede, <strong>3. oktobra 2018<\/strong>, do nedelje, <strong>7. oktobra 2018<\/strong> so se na sejmi\u0161\u010du v <a style=\"color: #000000;\" href=\"https:\/\/www.sajam.net\/sr\/\">Novem Sadu<\/a> izvajali <strong>Mednarodni sejmi LORIST<\/strong>. Sejem je bil razdeljen na ve\u010d delov z razli\u010dnimi tematikami.<\/span><\/p>\n<p><span style=\"font-family: 'times new roman', times, serif; color: #000000;\">En del je bil namenjem \u017eivalim, predvsem pticam. Izvajala se je razstava in prodaja raznih vrst ptic, med drugim, koko\u0161i, kanar\u010dkov, papig, ipd. V delu, namenjenem ribi\u0161tvu, so se med drugim promovirala tudi re\u010dna plovila. V gostinsko-turisti\u010dnem delu so se predstavile razne organizacije, ki so ogla\u0161evale &#8216;zanimivosti&#8217; svojega okoli\u0161a. Na nekaterih stojnicah je bilo mogo\u010de degustirati razna vina in razli\u010dne vrste sirov. Na sejmu je bil tudi del, namenjen \u010debelarjem, kjer so udele\u017eenci lahko poizkusili ve\u010d vrst medov.<\/span><\/p>\n<p><span style=\"font-family: 'times new roman', times, serif; color: #000000;\">Najve\u010d \u010dasa smo se zadr\u017eali na <strong>sejmu lova<\/strong>. Treba je poudariti, da je to v glavnem <strong>prodajni sejem<\/strong>. Trgovci so na svojih velikih stojnicah mnoge izdelke ponujali po zni\u017eanih cenah, kar je pritegnilo pozornost mimoido\u010dih. Podjetij, ki bi zgolj razstavljala in promovirala svoje izdelke, je bilo zelo malo \u2013 tak\u0161na podjetja so bila npr. <a style=\"color: #000000;\" href=\"https:\/\/www.swarovskioptik.com\/ohota\">Swarovski<\/a>, <a style=\"color: #000000;\" href=\"https:\/\/www.optics-trade.eu\/en\/manufacturer-kahles.html\">Kahles<\/a> in<a style=\"color: #000000;\" href=\"https:\/\/www.zastava-arms.rs\/\"> Crvena zastava<\/a>. Lovcem, ki i\u0161\u010dejo kvalitetne izdelke po ugodni ceni, se ta sejem izpla\u010da obiskati.<\/span><\/p>\n<h2><span style=\"font-family: 'times new roman', times, serif; color: #000000;\">Galerija slik<\/span><\/h2>\n<div class=\"tiled-gallery type-rectangular tiled-gallery-unresized\" data-original-width=\"1200\" data-carousel-extra='{&quot;blog_id&quot;:1,&quot;permalink&quot;:&quot;https:\\\/\\\/lovcibalkana.com\\\/sl\\\/porocilo-sejmi-lorist-v-novem-sadu\\\/&quot;,&quot;likes_blog_id&quot;:184361982}' itemscope itemtype=\"http:\/\/schema.org\/ImageGallery\" > <div class=\"gallery-row\" style=\"width: 1200px; height: 601px;\" data-original-width=\"1200\" data-original-height=\"601\" > <div class=\"gallery-group images-1\" style=\"width: 800px; height: 601px;\" data-original-width=\"800\" data-original-height=\"601\" > <div class=\"tiled-gallery-item tiled-gallery-item-large\" itemprop=\"associatedMedia\" itemscope itemtype=\"http:\/\/schema.org\/ImageObject\"> <a href=\"https:\/\/lovcibalkana.com\/sl\/porocilo-sejmi-lorist-v-novem-sadu\/img_5355-2\/\" border=\"0\" itemprop=\"url\"> <meta itemprop=\"width\" content=\"796\"> <meta itemprop=\"height\" content=\"597\"> <img decoding=\"async\" class=\"\" data-attachment-id=\"7568\" data-orig-file=\"https:\/\/lovcibalkana.com\/wp-content\/uploads\/2018\/10\/IMG_5355.jpg\" data-orig-size=\"1000,750\" data-comments-opened=\"1\" data-image-meta=\"{&quot;aperture&quot;:&quot;0&quot;,&quot;credit&quot;:&quot;&quot;,&quot;camera&quot;:&quot;&quot;,&quot;caption&quot;:&quot;&quot;,&quot;created_timestamp&quot;:&quot;0&quot;,&quot;copyright&quot;:&quot;&quot;,&quot;focal_length&quot;:&quot;0&quot;,&quot;iso&quot;:&quot;0&quot;,&quot;shutter_speed&quot;:&quot;0&quot;,&quot;title&quot;:&quot;&quot;,&quot;orientation&quot;:&quot;0&quot;}\" data-image-title=\"Sajmovi LORIST u Novom Sadu 2018\" data-image-description=\"&lt;p&gt;Sajmovi LORIST u Novom Sadu 2018&lt;\/p&gt; \" data-medium-file=\"https:\/\/i0.wp.com\/lovcibalkana.com\/wp-content\/uploads\/2018\/10\/IMG_5355.jpg?fit=300%2C225&#038;ssl=1\" data-large-file=\"https:\/\/i0.wp.com\/lovcibalkana.com\/wp-content\/uploads\/2018\/10\/IMG_5355.jpg?fit=1000%2C750&#038;ssl=1\" src=\"https:\/\/i0.wp.com\/lovcibalkana.com\/wp-content\/uploads\/2018\/10\/IMG_5355.jpg?w=796&#038;h=597&#038;ssl=1\" srcset=\"https:\/\/i0.wp.com\/lovcibalkana.com\/wp-content\/uploads\/2018\/10\/IMG_5355.jpg?w=1000&amp;ssl=1 1000w, https:\/\/i0.wp.com\/lovcibalkana.com\/wp-content\/uploads\/2018\/10\/IMG_5355.jpg?resize=300%2C225&amp;ssl=1 300w, https:\/\/i0.wp.com\/lovcibalkana.com\/wp-content\/uploads\/2018\/10\/IMG_5355.jpg?resize=768%2C576&amp;ssl=1 768w, https:\/\/i0.wp.com\/lovcibalkana.com\/wp-content\/uploads\/2018\/10\/IMG_5355.jpg?resize=585%2C439&amp;ssl=1 585w\" width=\"796\" height=\"597\" loading=\"lazy\" data-original-width=\"796\" data-original-height=\"597\" itemprop=\"http:\/\/schema.org\/image\" title=\"Sajmovi LORIST u Novom Sadu 2018\" alt=\"Sajmovi LORIST u Novom Sadu 2018\" style=\"width: 796px; height: 597px;\" \/> <\/a> <div class=\"tiled-gallery-caption\" itemprop=\"caption description\"> Sajmovi LORIST u Novom Sadu 2018 <\/div> <\/div> <\/div> <!-- close group --> <div class=\"gallery-group images-2\" style=\"width: 400px; height: 601px;\" data-original-width=\"400\" data-original-height=\"601\" > <div class=\"tiled-gallery-item tiled-gallery-item-large\" itemprop=\"associatedMedia\" itemscope itemtype=\"http:\/\/schema.org\/ImageObject\"> <a href=\"https:\/\/lovcibalkana.com\/sl\/porocilo-sejmi-lorist-v-novem-sadu\/img_5356-2\/\" border=\"0\" itemprop=\"url\"> <meta itemprop=\"width\" content=\"396\"> <meta itemprop=\"height\" content=\"297\"> <img decoding=\"async\" class=\"\" data-attachment-id=\"7571\" data-orig-file=\"https:\/\/lovcibalkana.com\/wp-content\/uploads\/2018\/10\/IMG_5356.jpg\" data-orig-size=\"1000,750\" data-comments-opened=\"1\" data-image-meta=\"{&quot;aperture&quot;:&quot;0&quot;,&quot;credit&quot;:&quot;&quot;,&quot;camera&quot;:&quot;&quot;,&quot;caption&quot;:&quot;&quot;,&quot;created_timestamp&quot;:&quot;0&quot;,&quot;copyright&quot;:&quot;&quot;,&quot;focal_length&quot;:&quot;0&quot;,&quot;iso&quot;:&quot;0&quot;,&quot;shutter_speed&quot;:&quot;0&quot;,&quot;title&quot;:&quot;&quot;,&quot;orientation&quot;:&quot;0&quot;}\" data-image-title=\"Sajmovi LORIST u Novom Sadu 2018\" data-image-description=\"&lt;p&gt;Sajmovi LORIST u Novom Sadu 2018&lt;\/p&gt; \" data-medium-file=\"https:\/\/i0.wp.com\/lovcibalkana.com\/wp-content\/uploads\/2018\/10\/IMG_5356.jpg?fit=300%2C225&#038;ssl=1\" data-large-file=\"https:\/\/i0.wp.com\/lovcibalkana.com\/wp-content\/uploads\/2018\/10\/IMG_5356.jpg?fit=1000%2C750&#038;ssl=1\" src=\"https:\/\/i0.wp.com\/lovcibalkana.com\/wp-content\/uploads\/2018\/10\/IMG_5356.jpg?w=396&#038;h=297&#038;ssl=1\" srcset=\"https:\/\/i0.wp.com\/lovcibalkana.com\/wp-content\/uploads\/2018\/10\/IMG_5356.jpg?w=1000&amp;ssl=1 1000w, https:\/\/i0.wp.com\/lovcibalkana.com\/wp-content\/uploads\/2018\/10\/IMG_5356.jpg?resize=300%2C225&amp;ssl=1 300w, https:\/\/i0.wp.com\/lovcibalkana.com\/wp-content\/uploads\/2018\/10\/IMG_5356.jpg?resize=768%2C576&amp;ssl=1 768w, https:\/\/i0.wp.com\/lovcibalkana.com\/wp-content\/uploads\/2018\/10\/IMG_5356.jpg?resize=585%2C439&amp;ssl=1 585w\" width=\"396\" height=\"297\" loading=\"lazy\" data-original-width=\"396\" data-original-height=\"297\" itemprop=\"http:\/\/schema.org\/image\" title=\"Sajmovi LORIST u Novom Sadu 2018\" alt=\"Sajmovi LORIST u Novom Sadu 2018\" style=\"width: 396px; height: 297px;\" \/> <\/a> <div class=\"tiled-gallery-caption\" itemprop=\"caption description\"> Sajmovi LORIST u Novom Sadu 2018 <\/div> <\/div> <div class=\"tiled-gallery-item tiled-gallery-item-large\" itemprop=\"associatedMedia\" itemscope itemtype=\"http:\/\/schema.org\/ImageObject\"> <a href=\"https:\/\/lovcibalkana.com\/sl\/porocilo-sejmi-lorist-v-novem-sadu\/img_5363-2\/\" border=\"0\" itemprop=\"url\"> <meta itemprop=\"width\" content=\"396\"> <meta itemprop=\"height\" content=\"296\"> <img decoding=\"async\" class=\"\" data-attachment-id=\"7574\" data-orig-file=\"https:\/\/lovcibalkana.com\/wp-content\/uploads\/2018\/10\/IMG_5363.jpg\" data-orig-size=\"1000,750\" data-comments-opened=\"1\" data-image-meta=\"{&quot;aperture&quot;:&quot;0&quot;,&quot;credit&quot;:&quot;&quot;,&quot;camera&quot;:&quot;&quot;,&quot;caption&quot;:&quot;&quot;,&quot;created_timestamp&quot;:&quot;0&quot;,&quot;copyright&quot;:&quot;&quot;,&quot;focal_length&quot;:&quot;0&quot;,&quot;iso&quot;:&quot;0&quot;,&quot;shutter_speed&quot;:&quot;0&quot;,&quot;title&quot;:&quot;&quot;,&quot;orientation&quot;:&quot;0&quot;}\" data-image-title=\"Sajmovi LORIST u Novom Sadu 2018\" data-image-description=\"&lt;p&gt;Sajmovi LORIST u Novom Sadu 2018&lt;\/p&gt; \" data-medium-file=\"https:\/\/i0.wp.com\/lovcibalkana.com\/wp-content\/uploads\/2018\/10\/IMG_5363.jpg?fit=300%2C225&#038;ssl=1\" data-large-file=\"https:\/\/i0.wp.com\/lovcibalkana.com\/wp-content\/uploads\/2018\/10\/IMG_5363.jpg?fit=1000%2C750&#038;ssl=1\" src=\"https:\/\/i0.wp.com\/lovcibalkana.com\/wp-content\/uploads\/2018\/10\/IMG_5363.jpg?w=396&#038;h=296&#038;ssl=1\" srcset=\"https:\/\/i0.wp.com\/lovcibalkana.com\/wp-content\/uploads\/2018\/10\/IMG_5363.jpg?w=1000&amp;ssl=1 1000w, https:\/\/i0.wp.com\/lovcibalkana.com\/wp-content\/uploads\/2018\/10\/IMG_5363.jpg?resize=300%2C225&amp;ssl=1 300w, https:\/\/i0.wp.com\/lovcibalkana.com\/wp-content\/uploads\/2018\/10\/IMG_5363.jpg?resize=768%2C576&amp;ssl=1 768w, https:\/\/i0.wp.com\/lovcibalkana.com\/wp-content\/uploads\/2018\/10\/IMG_5363.jpg?resize=585%2C439&amp;ssl=1 585w\" width=\"396\" height=\"296\" loading=\"lazy\" data-original-width=\"396\" data-original-height=\"296\" itemprop=\"http:\/\/schema.org\/image\" title=\"Sajmovi LORIST u Novom Sadu 2018\" alt=\"Sajmovi LORIST u Novom Sadu 2018\" style=\"width: 396px; height: 296px;\" \/> <\/a> <div class=\"tiled-gallery-caption\" itemprop=\"caption description\"> Sajmovi LORIST u Novom Sadu 2018 <\/div> <\/div> <\/div> <!-- close group --> <\/div> <!-- close row --> <div class=\"gallery-row\" style=\"width: 1200px; height: 301px;\" data-original-width=\"1200\" data-original-height=\"301\" > <div class=\"gallery-group images-1\" style=\"width: 400px; height: 301px;\" data-original-width=\"400\" data-original-height=\"301\" > <div class=\"tiled-gallery-item tiled-gallery-item-large\" itemprop=\"associatedMedia\" itemscope itemtype=\"http:\/\/schema.org\/ImageObject\"> <a href=\"https:\/\/lovcibalkana.com\/sl\/porocilo-sejmi-lorist-v-novem-sadu\/img_5366-2\/\" border=\"0\" itemprop=\"url\"> <meta itemprop=\"width\" content=\"396\"> <meta itemprop=\"height\" content=\"297\"> <img decoding=\"async\" class=\"\" data-attachment-id=\"7577\" data-orig-file=\"https:\/\/lovcibalkana.com\/wp-content\/uploads\/2018\/10\/IMG_5366.jpg\" data-orig-size=\"1000,750\" data-comments-opened=\"1\" data-image-meta=\"{&quot;aperture&quot;:&quot;0&quot;,&quot;credit&quot;:&quot;&quot;,&quot;camera&quot;:&quot;&quot;,&quot;caption&quot;:&quot;&quot;,&quot;created_timestamp&quot;:&quot;0&quot;,&quot;copyright&quot;:&quot;&quot;,&quot;focal_length&quot;:&quot;0&quot;,&quot;iso&quot;:&quot;0&quot;,&quot;shutter_speed&quot;:&quot;0&quot;,&quot;title&quot;:&quot;&quot;,&quot;orientation&quot;:&quot;0&quot;}\" data-image-title=\"Sajmovi LORIST u Novom Sadu 2018\" data-image-description=\"&lt;p&gt;Sajmovi LORIST u Novom Sadu 2018&lt;\/p&gt; \" data-medium-file=\"https:\/\/i0.wp.com\/lovcibalkana.com\/wp-content\/uploads\/2018\/10\/IMG_5366.jpg?fit=300%2C225&#038;ssl=1\" data-large-file=\"https:\/\/i0.wp.com\/lovcibalkana.com\/wp-content\/uploads\/2018\/10\/IMG_5366.jpg?fit=1000%2C750&#038;ssl=1\" src=\"https:\/\/i0.wp.com\/lovcibalkana.com\/wp-content\/uploads\/2018\/10\/IMG_5366.jpg?w=396&#038;h=297&#038;ssl=1\" srcset=\"https:\/\/i0.wp.com\/lovcibalkana.com\/wp-content\/uploads\/2018\/10\/IMG_5366.jpg?w=1000&amp;ssl=1 1000w, https:\/\/i0.wp.com\/lovcibalkana.com\/wp-content\/uploads\/2018\/10\/IMG_5366.jpg?resize=300%2C225&amp;ssl=1 300w, https:\/\/i0.wp.com\/lovcibalkana.com\/wp-content\/uploads\/2018\/10\/IMG_5366.jpg?resize=768%2C576&amp;ssl=1 768w, https:\/\/i0.wp.com\/lovcibalkana.com\/wp-content\/uploads\/2018\/10\/IMG_5366.jpg?resize=585%2C439&amp;ssl=1 585w\" width=\"396\" height=\"297\" loading=\"lazy\" data-original-width=\"396\" data-original-height=\"297\" itemprop=\"http:\/\/schema.org\/image\" title=\"Sajmovi LORIST u Novom Sadu 2018\" alt=\"Sajmovi LORIST u Novom Sadu 2018\" style=\"width: 396px; height: 297px;\" \/> <\/a> <div class=\"tiled-gallery-caption\" itemprop=\"caption description\"> Sajmovi LORIST u Novom Sadu 2018 <\/div> <\/div> <\/div> <!-- close group --> <div class=\"gallery-group images-1\" style=\"width: 400px; height: 301px;\" data-original-width=\"400\" data-original-height=\"301\" > <div class=\"tiled-gallery-item tiled-gallery-item-large\" itemprop=\"associatedMedia\" itemscope itemtype=\"http:\/\/schema.org\/ImageObject\"> <a href=\"https:\/\/lovcibalkana.com\/sl\/porocilo-sejmi-lorist-v-novem-sadu\/img_5373-2\/\" border=\"0\" itemprop=\"url\"> <meta itemprop=\"width\" content=\"396\"> <meta itemprop=\"height\" content=\"297\"> <img decoding=\"async\" class=\"\" data-attachment-id=\"7580\" data-orig-file=\"https:\/\/lovcibalkana.com\/wp-content\/uploads\/2018\/10\/IMG_5373.jpg\" data-orig-size=\"1000,750\" data-comments-opened=\"1\" data-image-meta=\"{&quot;aperture&quot;:&quot;0&quot;,&quot;credit&quot;:&quot;&quot;,&quot;camera&quot;:&quot;&quot;,&quot;caption&quot;:&quot;&quot;,&quot;created_timestamp&quot;:&quot;0&quot;,&quot;copyright&quot;:&quot;&quot;,&quot;focal_length&quot;:&quot;0&quot;,&quot;iso&quot;:&quot;0&quot;,&quot;shutter_speed&quot;:&quot;0&quot;,&quot;title&quot;:&quot;&quot;,&quot;orientation&quot;:&quot;0&quot;}\" data-image-title=\"Sajmovi LORIST u Novom Sadu 2018\" data-image-description=\"&lt;p&gt;Sajmovi LORIST u Novom Sadu 2018&lt;\/p&gt; \" data-medium-file=\"https:\/\/i0.wp.com\/lovcibalkana.com\/wp-content\/uploads\/2018\/10\/IMG_5373.jpg?fit=300%2C225&#038;ssl=1\" data-large-file=\"https:\/\/i0.wp.com\/lovcibalkana.com\/wp-content\/uploads\/2018\/10\/IMG_5373.jpg?fit=1000%2C750&#038;ssl=1\" src=\"https:\/\/i0.wp.com\/lovcibalkana.com\/wp-content\/uploads\/2018\/10\/IMG_5373.jpg?w=396&#038;h=297&#038;ssl=1\" srcset=\"https:\/\/i0.wp.com\/lovcibalkana.com\/wp-content\/uploads\/2018\/10\/IMG_5373.jpg?w=1000&amp;ssl=1 1000w, https:\/\/i0.wp.com\/lovcibalkana.com\/wp-content\/uploads\/2018\/10\/IMG_5373.jpg?resize=300%2C225&amp;ssl=1 300w, https:\/\/i0.wp.com\/lovcibalkana.com\/wp-content\/uploads\/2018\/10\/IMG_5373.jpg?resize=768%2C576&amp;ssl=1 768w, https:\/\/i0.wp.com\/lovcibalkana.com\/wp-content\/uploads\/2018\/10\/IMG_5373.jpg?resize=585%2C439&amp;ssl=1 585w\" width=\"396\" height=\"297\" loading=\"lazy\" data-original-width=\"396\" data-original-height=\"297\" itemprop=\"http:\/\/schema.org\/image\" title=\"Sajmovi LORIST u Novom Sadu 2018\" alt=\"Sajmovi LORIST u Novom Sadu 2018\" style=\"width: 396px; height: 297px;\" \/> <\/a> <div class=\"tiled-gallery-caption\" itemprop=\"caption description\"> Sajmovi LORIST u Novom Sadu 2018 <\/div> <\/div> <\/div> <!-- close group --> <div class=\"gallery-group images-1\" style=\"width: 400px; height: 301px;\" data-original-width=\"400\" data-original-height=\"301\" > <div class=\"tiled-gallery-item tiled-gallery-item-large\" itemprop=\"associatedMedia\" itemscope itemtype=\"http:\/\/schema.org\/ImageObject\"> <a href=\"https:\/\/lovcibalkana.com\/sl\/porocilo-sejmi-lorist-v-novem-sadu\/img_5375-2\/\" border=\"0\" itemprop=\"url\"> <meta itemprop=\"width\" content=\"396\"> <meta itemprop=\"height\" content=\"297\"> <img decoding=\"async\" class=\"\" data-attachment-id=\"7583\" data-orig-file=\"https:\/\/lovcibalkana.com\/wp-content\/uploads\/2018\/10\/IMG_5375.jpg\" data-orig-size=\"1000,750\" data-comments-opened=\"1\" data-image-meta=\"{&quot;aperture&quot;:&quot;0&quot;,&quot;credit&quot;:&quot;&quot;,&quot;camera&quot;:&quot;&quot;,&quot;caption&quot;:&quot;&quot;,&quot;created_timestamp&quot;:&quot;0&quot;,&quot;copyright&quot;:&quot;&quot;,&quot;focal_length&quot;:&quot;0&quot;,&quot;iso&quot;:&quot;0&quot;,&quot;shutter_speed&quot;:&quot;0&quot;,&quot;title&quot;:&quot;&quot;,&quot;orientation&quot;:&quot;0&quot;}\" data-image-title=\"Sajmovi LORIST u Novom Sadu 2018\" data-image-description=\"&lt;p&gt;Sajmovi LORIST u Novom Sadu 2018&lt;\/p&gt; \" data-medium-file=\"https:\/\/i0.wp.com\/lovcibalkana.com\/wp-content\/uploads\/2018\/10\/IMG_5375.jpg?fit=300%2C225&#038;ssl=1\" data-large-file=\"https:\/\/i0.wp.com\/lovcibalkana.com\/wp-content\/uploads\/2018\/10\/IMG_5375.jpg?fit=1000%2C750&#038;ssl=1\" src=\"https:\/\/i0.wp.com\/lovcibalkana.com\/wp-content\/uploads\/2018\/10\/IMG_5375.jpg?w=396&#038;h=297&#038;ssl=1\" srcset=\"https:\/\/i0.wp.com\/lovcibalkana.com\/wp-content\/uploads\/2018\/10\/IMG_5375.jpg?w=1000&amp;ssl=1 1000w, https:\/\/i0.wp.com\/lovcibalkana.com\/wp-content\/uploads\/2018\/10\/IMG_5375.jpg?resize=300%2C225&amp;ssl=1 300w, https:\/\/i0.wp.com\/lovcibalkana.com\/wp-content\/uploads\/2018\/10\/IMG_5375.jpg?resize=768%2C576&amp;ssl=1 768w, https:\/\/i0.wp.com\/lovcibalkana.com\/wp-content\/uploads\/2018\/10\/IMG_5375.jpg?resize=585%2C439&amp;ssl=1 585w\" width=\"396\" height=\"297\" loading=\"lazy\" data-original-width=\"396\" data-original-height=\"297\" itemprop=\"http:\/\/schema.org\/image\" title=\"Sajmovi LORIST u Novom Sadu 2018\" alt=\"Sajmovi LORIST u Novom Sadu 2018\" style=\"width: 396px; height: 297px;\" \/> <\/a> <div class=\"tiled-gallery-caption\" itemprop=\"caption description\"> Sajmovi LORIST u Novom Sadu 2018 <\/div> <\/div> <\/div> <!-- close group --> <\/div> <!-- close row --> <div class=\"gallery-row\" style=\"width: 1200px; height: 451px;\" data-original-width=\"1200\" data-original-height=\"451\" > <div class=\"gallery-group images-1\" style=\"width: 600px; height: 451px;\" data-original-width=\"600\" data-original-height=\"451\" > <div class=\"tiled-gallery-item tiled-gallery-item-large\" itemprop=\"associatedMedia\" itemscope itemtype=\"http:\/\/schema.org\/ImageObject\"> <a href=\"https:\/\/lovcibalkana.com\/sl\/porocilo-sejmi-lorist-v-novem-sadu\/img_5380-2\/\" border=\"0\" itemprop=\"url\"> <meta itemprop=\"width\" content=\"596\"> <meta itemprop=\"height\" content=\"447\"> <img decoding=\"async\" class=\"\" data-attachment-id=\"7586\" data-orig-file=\"https:\/\/lovcibalkana.com\/wp-content\/uploads\/2018\/10\/IMG_5380.jpg\" data-orig-size=\"1000,750\" data-comments-opened=\"1\" data-image-meta=\"{&quot;aperture&quot;:&quot;0&quot;,&quot;credit&quot;:&quot;&quot;,&quot;camera&quot;:&quot;&quot;,&quot;caption&quot;:&quot;&quot;,&quot;created_timestamp&quot;:&quot;0&quot;,&quot;copyright&quot;:&quot;&quot;,&quot;focal_length&quot;:&quot;0&quot;,&quot;iso&quot;:&quot;0&quot;,&quot;shutter_speed&quot;:&quot;0&quot;,&quot;title&quot;:&quot;&quot;,&quot;orientation&quot;:&quot;0&quot;}\" data-image-title=\"Sajmovi LORIST u Novom Sadu 2018\" data-image-description=\"&lt;p&gt;Sajmovi LORIST u Novom Sadu 2018&lt;\/p&gt; \" data-medium-file=\"https:\/\/i0.wp.com\/lovcibalkana.com\/wp-content\/uploads\/2018\/10\/IMG_5380.jpg?fit=300%2C225&#038;ssl=1\" data-large-file=\"https:\/\/i0.wp.com\/lovcibalkana.com\/wp-content\/uploads\/2018\/10\/IMG_5380.jpg?fit=1000%2C750&#038;ssl=1\" src=\"https:\/\/i0.wp.com\/lovcibalkana.com\/wp-content\/uploads\/2018\/10\/IMG_5380.jpg?w=596&#038;h=447&#038;ssl=1\" srcset=\"https:\/\/i0.wp.com\/lovcibalkana.com\/wp-content\/uploads\/2018\/10\/IMG_5380.jpg?w=1000&amp;ssl=1 1000w, https:\/\/i0.wp.com\/lovcibalkana.com\/wp-content\/uploads\/2018\/10\/IMG_5380.jpg?resize=300%2C225&amp;ssl=1 300w, https:\/\/i0.wp.com\/lovcibalkana.com\/wp-content\/uploads\/2018\/10\/IMG_5380.jpg?resize=768%2C576&amp;ssl=1 768w, https:\/\/i0.wp.com\/lovcibalkana.com\/wp-content\/uploads\/2018\/10\/IMG_5380.jpg?resize=585%2C439&amp;ssl=1 585w\" width=\"596\" height=\"447\" loading=\"lazy\" data-original-width=\"596\" data-original-height=\"447\" itemprop=\"http:\/\/schema.org\/image\" title=\"Sajmovi LORIST u Novom Sadu 2018\" alt=\"Sajmovi LORIST u Novom Sadu 2018\" style=\"width: 596px; height: 447px;\" \/> <\/a> <div class=\"tiled-gallery-caption\" itemprop=\"caption description\"> Sajmovi LORIST u Novom Sadu 2018 <\/div> <\/div> <\/div> <!-- close group --> <div class=\"gallery-group images-1\" style=\"width: 600px; height: 451px;\" data-original-width=\"600\" data-original-height=\"451\" > <div class=\"tiled-gallery-item tiled-gallery-item-large\" itemprop=\"associatedMedia\" itemscope itemtype=\"http:\/\/schema.org\/ImageObject\"> <a href=\"https:\/\/lovcibalkana.com\/sl\/porocilo-sejmi-lorist-v-novem-sadu\/img_5396-2\/\" border=\"0\" itemprop=\"url\"> <meta itemprop=\"width\" content=\"596\"> <meta itemprop=\"height\" content=\"447\"> <img decoding=\"async\" class=\"\" data-attachment-id=\"7589\" data-orig-file=\"https:\/\/lovcibalkana.com\/wp-content\/uploads\/2018\/10\/IMG_5396.jpg\" data-orig-size=\"1000,750\" data-comments-opened=\"1\" data-image-meta=\"{&quot;aperture&quot;:&quot;0&quot;,&quot;credit&quot;:&quot;&quot;,&quot;camera&quot;:&quot;&quot;,&quot;caption&quot;:&quot;&quot;,&quot;created_timestamp&quot;:&quot;0&quot;,&quot;copyright&quot;:&quot;&quot;,&quot;focal_length&quot;:&quot;0&quot;,&quot;iso&quot;:&quot;0&quot;,&quot;shutter_speed&quot;:&quot;0&quot;,&quot;title&quot;:&quot;&quot;,&quot;orientation&quot;:&quot;0&quot;}\" data-image-title=\"Sajmovi LORIST u Novom Sadu 2018\" data-image-description=\"&lt;p&gt;Sajmovi LORIST u Novom Sadu 2018&lt;\/p&gt; \" data-medium-file=\"https:\/\/i0.wp.com\/lovcibalkana.com\/wp-content\/uploads\/2018\/10\/IMG_5396.jpg?fit=300%2C225&#038;ssl=1\" data-large-file=\"https:\/\/i0.wp.com\/lovcibalkana.com\/wp-content\/uploads\/2018\/10\/IMG_5396.jpg?fit=1000%2C750&#038;ssl=1\" src=\"https:\/\/i0.wp.com\/lovcibalkana.com\/wp-content\/uploads\/2018\/10\/IMG_5396.jpg?w=596&#038;h=447&#038;ssl=1\" srcset=\"https:\/\/i0.wp.com\/lovcibalkana.com\/wp-content\/uploads\/2018\/10\/IMG_5396.jpg?w=1000&amp;ssl=1 1000w, https:\/\/i0.wp.com\/lovcibalkana.com\/wp-content\/uploads\/2018\/10\/IMG_5396.jpg?resize=300%2C225&amp;ssl=1 300w, https:\/\/i0.wp.com\/lovcibalkana.com\/wp-content\/uploads\/2018\/10\/IMG_5396.jpg?resize=768%2C576&amp;ssl=1 768w, https:\/\/i0.wp.com\/lovcibalkana.com\/wp-content\/uploads\/2018\/10\/IMG_5396.jpg?resize=585%2C439&amp;ssl=1 585w\" width=\"596\" height=\"447\" loading=\"lazy\" data-original-width=\"596\" data-original-height=\"447\" itemprop=\"http:\/\/schema.org\/image\" title=\"Sajmovi LORIST u Novom Sadu 2018\" alt=\"Sajmovi LORIST u Novom Sadu 2018\" style=\"width: 596px; height: 447px;\" \/> <\/a> <div class=\"tiled-gallery-caption\" itemprop=\"caption description\"> Sajmovi LORIST u Novom Sadu 2018 <\/div> <\/div> <\/div> <!-- close group --> <\/div> <!-- close row --> <\/div>\n","protected":false},"excerpt":{"rendered":"<p>Od srede, 3. oktobra 2018, do nedelje, 7. oktobra 2018 so se na sejmi\u0161\u010du v Novem Sadu izvajali Mednarodni sejmi LORIST. Sejem je bil razdeljen na ve\u010d delov z razli\u010dnimi tematikami. En del je bil namenjem \u017eivalim, predvsem pticam. Izvajala se je razstava in prodaja raznih vrst ptic, med drugim, koko\u0161i, kanar\u010dkov, papig, ipd. V&hellip;&nbsp;<a href=\"https:\/\/lovcibalkana.com\/sl\/porocilo-sejmi-lorist-v-novem-sadu\/\" class=\"\" rel=\"bookmark\">Preberi ve\u010d &raquo;<span class=\"screen-reader-text\">Poro\u010dilo \u2013 sejmi LORIST v Novem Sadu<\/span><\/a><\/p>\n","protected":false},"author":5,"featured_media":7583,"comment_status":"open","ping_status":"open","sticky":false,"template":"","format":"standard","meta":{"om_disable_all_campaigns":false,"_monsterinsights_skip_tracking":false,"_monsterinsights_sitenote_active":false,"_monsterinsights_sitenote_note":"","_monsterinsights_sitenote_category":0,"_uf_show_specific_survey":0,"_uf_disable_surveys":false,"neve_meta_sidebar":"","neve_meta_container":"","neve_meta_enable_content_width":"off","neve_meta_content_width":0,"neve_meta_title_alignment":"","neve_meta_author_avatar":"","neve_post_elements_order":"","neve_meta_disable_header":"","neve_meta_disable_footer":"","neve_meta_disable_title":"","neve_meta_reading_time":"","_jetpack_memberships_contains_paid_content":false,"footnotes":""},"categories":[756],"tags":[],"aioseo_notices":[],"jetpack_sharing_enabled":true,"jetpack_featured_media_url":"https:\/\/i0.wp.com\/lovcibalkana.com\/wp-content\/uploads\/2018\/10\/IMG_5375.jpg?fit=1000%2C750&ssl=1","amp_enabled":true,"_links":{"self":[{"href":"https:\/\/lovcibalkana.com\/sl\/wp-json\/wp\/v2\/posts\/8712"}],"collection":[{"href":"https:\/\/lovcibalkana.com\/sl\/wp-json\/wp\/v2\/posts"}],"about":[{"href":"https:\/\/lovcibalkana.com\/sl\/wp-json\/wp\/v2\/types\/post"}],"author":[{"embeddable":true,"href":"https:\/\/lovcibalkana.com\/sl\/wp-json\/wp\/v2\/users\/5"}],"replies":[{"embeddable":true,"href":"https:\/\/lovcibalkana.com\/sl\/wp-json\/wp\/v2\/comments?post=8712"}],"version-history":[{"count":2,"href":"https:\/\/lovcibalkana.com\/sl\/wp-json\/wp\/v2\/posts\/8712\/revisions"}],"predecessor-version":[{"id":8714,"href":"https:\/\/lovcibalkana.com\/sl\/wp-json\/wp\/v2\/posts\/8712\/revisions\/8714"}],"wp:featuredmedia":[{"embeddable":true,"href":"https:\/\/lovcibalkana.com\/sl\/wp-json\/wp\/v2\/media\/7583"}],"wp:attachment":[{"href":"https:\/\/lovcibalkana.com\/sl\/wp-json\/wp\/v2\/media?parent=8712"}],"wp:term":[{"taxonomy":"category","embeddable":true,"href":"https:\/\/lovcibalkana.com\/sl\/wp-json\/wp\/v2\/categories?post=8712"},{"taxonomy":"post_tag","embeddable":true,"href":"https:\/\/lovcibalkana.com\/sl\/wp-json\/wp\/v2\/tags?post=8712"}],"curies":[{"name":"wp","href":"https:\/\/api.w.org\/{rel}","templated":true}]}}